{"id":9148,"date":"2020-12-14T09:07:36","date_gmt":"2020-12-14T08:07:36","guid":{"rendered":"https:\/\/www.zapf-garagen.de\/entdecken\/quand-il-neige-dans-la-voiture\/"},"modified":"2025-10-16T10:30:55","modified_gmt":"2025-10-16T08:30:55","slug":"quand-il-neige-dans-la-voiture","status":"publish","type":"post","link":"https:\/\/www.zapf-garagen.de\/fr\/entdecken\/quand-il-neige-dans-la-voiture\/","title":{"rendered":"Quand il neige dans la voiture"},"content":{"rendered":"<div class=\"wpb-content-wrapper\" id=\"wpb-content-root\"><p>[vc_row][vc_column]<div class=\"spacer spacer--medium\"><\/div>\n[vc_column_text css=\u00a0\u00bb\u00a0\u00bb]<\/p>\n<h1>Quand il neige dans la voiture<\/h1>\n<p>[\/vc_column_text]<div class=\"spacer spacer--medium\"><\/div>\n[vc_single_image image=\u00a0\u00bb3724&Prime; img_size=\u00a0\u00bbfull\u00a0\u00bb css=\u00a0\u00bb\u00a0\u00bb]<div class=\"spacer spacer--medium\"><\/div>\n[vc_column_text css=\u00a0\u00bb\u00a0\u00bb]<\/p>\n<h2><strong>Astuces pour un pare-brise sans glace : de l&rsquo;insolite au pratique<\/strong><\/h2>\n<p>L&rsquo;hiver est arriv\u00e9 et avec lui son lot d&#8217;emb\u00fbches pour les automobilistes. Outre les routes glissantes, le pare-brise gel\u00e9 est particuli\u00e8rement probl\u00e9matique. Si vous ne retirez pas soigneusement la glace, vous risquez m\u00eame une amende. C&rsquo;est particuli\u00e8rement ennuyeux si la vitre de l&rsquo;habitacle est \u00e9galement gel\u00e9e, ce qui peut arriver lorsque les temp\u00e9ratures sont fra\u00eeches. Si vous devez \u00e9galement gratter la glace \u00e0 l&rsquo;int\u00e9rieur, vous avez souvent l&rsquo;impression qu&rsquo;il neige dans la voiture et que le tableau de bord se transforme en piste de ski miniature.    <\/p>\n<p>&nbsp;<\/p>\n<p>Comment \u00e9viter cela ? Tout d&rsquo;abord, tout ce qui retient l&rsquo;humidit\u00e9 de l&rsquo;air dans la voiture ou qui l&#8217;emp\u00eache de s&rsquo;installer est utile. Le mieux est donc de secouer les tapis de sol encore humides le soir et d&rsquo;a\u00e9rer bri\u00e8vement la voiture. Mais il existe aussi d&rsquo;autres \u00ab\u00a0astuces secr\u00e8tes\u00a0\u00bb qui peuvent para\u00eetre curieuses mais qui fonctionnent vraiment !   <\/p>\n<p>&nbsp;<\/p>\n<p><strong>Astuce 1 : Papier journal<\/strong><\/p>\n<p>Placez du papier journal sur le tableau de bord &#8211; il absorbe l&rsquo;humidit\u00e9 de l&rsquo;air et la vitre reste sans givre \u00e0 l&rsquo;int\u00e9rieur.<\/p>\n<p>&nbsp;<\/p>\n<p><strong>Astuce 2 : Eau sal\u00e9e<\/strong><\/p>\n<p>La veille, essuyez la vitre avec de l&rsquo;eau sal\u00e9e, du vinaigre ou du liquide vaisselle \u00e0 l&rsquo;aide d&rsquo;une \u00e9ponge. Ces m\u00e9langes emp\u00eachent la formation de glace. <\/p>\n<p>&nbsp;<\/p>\n<p><strong>Conseil n\u00b0 3 : liti\u00e8re pour chat<\/strong><\/p>\n<p>Bien s\u00fbr, il existe aussi des d\u00e9shumidificateurs de voiture pour les personnes qui ne poss\u00e8dent pas de chat, qui remplissent la m\u00eame fonction, mais qui sont plus chers.<\/p>\n<p>&nbsp;<\/p>\n<p>Heureux donc celui qui a un chat ! Blague \u00e0 part, heureux celui qui a un garage ! Car dans ce cas, il n&rsquo;est de toute fa\u00e7on plus question de gratter la glace le matin.  <\/p>\n<p>&nbsp;<\/p>\n<p><strong>Les garages pr\u00e9fabriqu\u00e9s en b\u00e9ton ont un excellent climat int\u00e9rieur<\/strong><\/p>\n<p>Les propri\u00e9taires de garages peuvent monter dans leur voiture t\u00f4t le matin et partir, alors que d&rsquo;autres doivent d&rsquo;abord d\u00e9neiger et\/ou d\u00e9glacer leur voiture (quelle que soit la m\u00e9thode utilis\u00e9e). Les garages pr\u00e9fabriqu\u00e9s en b\u00e9ton sont particuli\u00e8rement bon march\u00e9 par rapport aux versions ma\u00e7onn\u00e9es. Ils offrent \u00e9galement un meilleur climat int\u00e9rieur, en particulier en hiver.  <\/p>\n<p>&nbsp;<\/p>\n<p>\u00ab\u00a0D&rsquo;une part, les murs en b\u00e9ton &#8211; m\u00eame si le garage n&rsquo;est pas chauff\u00e9 &#8211; emp\u00eachent une partie du froid de p\u00e9n\u00e9trer dans la voiture. D&rsquo;autre part, dans un garage pr\u00e9fabriqu\u00e9 en b\u00e9ton, l&rsquo;humidit\u00e9 de l&rsquo;air est plus faible qu&rsquo;\u00e0 l&rsquo;ext\u00e9rieur, ce qui emp\u00eache \u00e9galement le givrage\u00a0\u00bb, explique Markus H\u00f6lzl de ZAPF GmbH, l&rsquo;un des principaux fabricants de garages pr\u00e9fabriqu\u00e9s en b\u00e9ton en Allemagne. Les sp\u00e9cialistes des garages, bas\u00e9s \u00e0 Bayreuth, produisent des garages pr\u00e9fabriqu\u00e9s en b\u00e9ton depuis plus de 40 ans et savent que la question du gel est un argument important, parmi d&rsquo;autres avantages d&rsquo;un garage pr\u00e9fabriqu\u00e9 en b\u00e9ton. Le mat\u00e9riau de construction massif qu&rsquo;est le b\u00e9ton r\u00e9agit tr\u00e8s lentement aux variations de temp\u00e9rature, m\u00eame en cas de froid et de chaleur extr\u00eames, le garage pr\u00e9fabriqu\u00e9 en b\u00e9ton a donc un tr\u00e8s bon effet d&rsquo;\u00e9quilibrage climatique.  <\/p>\n<p>&nbsp;<\/p>\n<p><strong>Humidit\u00e9 de l&rsquo;air plus faible<\/strong><\/p>\n<p>Dans les garages pr\u00e9fabriqu\u00e9s modernes, comme les garages de ZAPF, des \u00e9l\u00e9ments de ventilation bien pens\u00e9s assurent en outre un \u00e9change d&rsquo;air permanent et veillent \u00e0 ce que l&rsquo;air humide soit \u00e9vacu\u00e9 du garage vers l&rsquo;ext\u00e9rieur. \u00ab\u00a0M\u00eame si la voiture est plac\u00e9e dans le garage mouill\u00e9e par la pluie ou recouverte d&rsquo;un peu de neige, elle peut rester s\u00e8che pendant la nuit\u00a0\u00bb, explique H\u00f6lzl. Cela permet non seulement d&rsquo;\u00e9viter la formation de glace, mais aussi de pr\u00e9venir la rouille et la corrosion. De plus, le b\u00e9ton arm\u00e9 solide est particuli\u00e8rement r\u00e9sistant aux intemp\u00e9ries et peut supporter des charges de neige importantes sur le toit.   <\/p>\n<div class=\"ce_text block\">\n<p>[vc_row][vc_column]<div class=\"spacer spacer--medium\"><\/div>\n[vc_column_text css=\u00a0\u00bb\u00a0\u00bb]<\/p>\n<\/div>\n<p>&nbsp;<\/p>\n<p>&nbsp;<\/p>\n<\/div>","protected":false},"excerpt":{"rendered":"<p>[vc_row][vc_column][vc_column_text css=\u00a0\u00bb\u00a0\u00bb] Quand il neige dans la voiture [\/vc_column_text][vc_single_image image=\u00a0\u00bb3724&Prime; img_size=\u00a0\u00bbfull\u00a0\u00bb css=\u00a0\u00bb\u00a0\u00bb][vc_column_text css=\u00a0\u00bb\u00a0\u00bb] Astuces pour un pare-brise sans glace : de l&rsquo;insolite au pratique L&rsquo;hiver est arriv\u00e9 et avec lui son lot d&#8217;emb\u00fbches pour les automobilistes. Outre les routes glissantes, le pare-brise gel\u00e9 est particuli\u00e8rement probl\u00e9matique. Si vous ne retirez pas soigneusement la glace, vous [&hellip;]<\/p>\n","protected":false},"author":12,"featured_media":3727,"comment_status":"closed","ping_status":"open","sticky":false,"template":"","format":"standard","meta":{"_acf_changed":false,"content-type":"","footnotes":""},"categories":[28],"tags":[],"class_list":["post-9148","post","type-post","status-publish","format-standard","has-post-thumbnail","hentry","category-actualites"],"acf":[],"yoast_head":"<!-- This site is optimized with the Yoast SEO Premium plugin v28.2 (Yoast SEO v28.2) - https:\/\/yoast.com\/product\/yoast-seo-premium-wordpress\/ -->\n<title>Quand il neige dans la voiture - ZAPF Garagen<\/title>\n<meta name=\"robots\" content=\"index, follow, max-snippet:-1, max-image-preview:large, max-video-preview:-1\" \/>\n<link rel=\"canonical\" href=\"https:\/\/www.zapf-garagen.de\/fr\/entdecken\/quand-il-neige-dans-la-voiture\/\" \/>\n<meta property=\"og:locale\" content=\"fr_FR\" \/>\n<meta property=\"og:type\" content=\"article\" \/>\n<meta property=\"og:title\" content=\"Quand il neige dans la voiture\" \/>\n<meta property=\"og:description\" content=\"[vc_row][vc_column][vc_column_text css=\u00a0\u00bb\u00a0\u00bb] Quand il neige dans la voiture [\/vc_column_text][vc_single_image image=\u00a0\u00bb3724&Prime; img_size=\u00a0\u00bbfull\u00a0\u00bb css=\u00a0\u00bb\u00a0\u00bb][vc_column_text css=\u00a0\u00bb\u00a0\u00bb] Astuces pour un pare-brise sans glace : de l&rsquo;insolite au pratique L&rsquo;hiver est arriv\u00e9 et avec lui son lot d&#8217;emb\u00fbches pour les automobilistes. Outre les routes glissantes, le pare-brise gel\u00e9 est particuli\u00e8rement probl\u00e9matique. Si vous ne retirez pas soigneusement la glace, vous [&hellip;]\" \/>\n<meta property=\"og:url\" content=\"https:\/\/www.zapf-garagen.de\/fr\/entdecken\/quand-il-neige-dans-la-voiture\/\" \/>\n<meta property=\"og:site_name\" content=\"ZAPF Garagen\" \/>\n<meta property=\"article:publisher\" content=\"https:\/\/www.facebook.com\/ZapfGaragenwelt\" \/>\n<meta property=\"article:published_time\" content=\"2020-12-14T08:07:36+00:00\" \/>\n<meta property=\"article:modified_time\" content=\"2025-10-16T08:30:55+00:00\" \/>\n<meta property=\"og:image\" content=\"https:\/\/www.zapf-garagen.de\/wp-content\/uploads\/2025\/07\/zapf_newslisting_schnee.jpg\" \/>\n\t<meta property=\"og:image:width\" content=\"768\" \/>\n\t<meta property=\"og:image:height\" content=\"631\" \/>\n\t<meta property=\"og:image:type\" content=\"image\/jpeg\" \/>\n<meta name=\"author\" content=\"Kevin Kienle\" \/>\n<meta name=\"twitter:card\" content=\"summary_large_image\" \/>\n<meta name=\"twitter:label1\" content=\"\u00c9crit par\" \/>\n\t<meta name=\"twitter:data1\" content=\"Kevin Kienle\" \/>\n\t<meta name=\"twitter:label2\" content=\"Dur\u00e9e de lecture estim\u00e9e\" \/>\n\t<meta name=\"twitter:data2\" content=\"4 minutes\" \/>\n<script type=\"application\/ld+json\" class=\"yoast-schema-graph\">{\"@context\":\"https:\\\/\\\/schema.org\",\"@graph\":[{\"@type\":\"Article\",\"@id\":\"https:\\\/\\\/www.zapf-garagen.de\\\/fr\\\/entdecken\\\/quand-il-neige-dans-la-voiture\\\/#article\",\"isPartOf\":{\"@id\":\"https:\\\/\\\/www.zapf-garagen.de\\\/fr\\\/entdecken\\\/quand-il-neige-dans-la-voiture\\\/\"},\"author\":{\"name\":\"Kevin Kienle\",\"@id\":\"https:\\\/\\\/www.zapf-garagen.de\\\/fr\\\/#\\\/schema\\\/person\\\/e8612935e211854eced4a90aa4783889\"},\"headline\":\"Quand il neige dans la voiture\",\"datePublished\":\"2020-12-14T08:07:36+00:00\",\"dateModified\":\"2025-10-16T08:30:55+00:00\",\"mainEntityOfPage\":{\"@id\":\"https:\\\/\\\/www.zapf-garagen.de\\\/fr\\\/entdecken\\\/quand-il-neige-dans-la-voiture\\\/\"},\"wordCount\":772,\"publisher\":{\"@id\":\"https:\\\/\\\/www.zapf-garagen.de\\\/fr\\\/#organization\"},\"image\":{\"@id\":\"https:\\\/\\\/www.zapf-garagen.de\\\/fr\\\/entdecken\\\/quand-il-neige-dans-la-voiture\\\/#primaryimage\"},\"thumbnailUrl\":\"https:\\\/\\\/www.zapf-garagen.de\\\/wp-content\\\/uploads\\\/2025\\\/07\\\/zapf_newslisting_schnee.jpg\",\"articleSection\":[\"Actualit\u00e9s\"],\"inLanguage\":\"fr-FR\"},{\"@type\":\"WebPage\",\"@id\":\"https:\\\/\\\/www.zapf-garagen.de\\\/fr\\\/entdecken\\\/quand-il-neige-dans-la-voiture\\\/\",\"url\":\"https:\\\/\\\/www.zapf-garagen.de\\\/fr\\\/entdecken\\\/quand-il-neige-dans-la-voiture\\\/\",\"name\":\"Quand il neige dans la voiture - ZAPF Garagen\",\"isPartOf\":{\"@id\":\"https:\\\/\\\/www.zapf-garagen.de\\\/fr\\\/#website\"},\"primaryImageOfPage\":{\"@id\":\"https:\\\/\\\/www.zapf-garagen.de\\\/fr\\\/entdecken\\\/quand-il-neige-dans-la-voiture\\\/#primaryimage\"},\"image\":{\"@id\":\"https:\\\/\\\/www.zapf-garagen.de\\\/fr\\\/entdecken\\\/quand-il-neige-dans-la-voiture\\\/#primaryimage\"},\"thumbnailUrl\":\"https:\\\/\\\/www.zapf-garagen.de\\\/wp-content\\\/uploads\\\/2025\\\/07\\\/zapf_newslisting_schnee.jpg\",\"datePublished\":\"2020-12-14T08:07:36+00:00\",\"dateModified\":\"2025-10-16T08:30:55+00:00\",\"breadcrumb\":{\"@id\":\"https:\\\/\\\/www.zapf-garagen.de\\\/fr\\\/entdecken\\\/quand-il-neige-dans-la-voiture\\\/#breadcrumb\"},\"inLanguage\":\"fr-FR\",\"potentialAction\":[{\"@type\":\"ReadAction\",\"target\":[\"https:\\\/\\\/www.zapf-garagen.de\\\/fr\\\/entdecken\\\/quand-il-neige-dans-la-voiture\\\/\"]}]},{\"@type\":\"ImageObject\",\"inLanguage\":\"fr-FR\",\"@id\":\"https:\\\/\\\/www.zapf-garagen.de\\\/fr\\\/entdecken\\\/quand-il-neige-dans-la-voiture\\\/#primaryimage\",\"url\":\"https:\\\/\\\/www.zapf-garagen.de\\\/wp-content\\\/uploads\\\/2025\\\/07\\\/zapf_newslisting_schnee.jpg\",\"contentUrl\":\"https:\\\/\\\/www.zapf-garagen.de\\\/wp-content\\\/uploads\\\/2025\\\/07\\\/zapf_newslisting_schnee.jpg\",\"width\":768,\"height\":631,\"caption\":\"Garage double moderne avec portes noires photographi\u00e9 de nuit sous une forte chute de neige.\"},{\"@type\":\"BreadcrumbList\",\"@id\":\"https:\\\/\\\/www.zapf-garagen.de\\\/fr\\\/entdecken\\\/quand-il-neige-dans-la-voiture\\\/#breadcrumb\",\"itemListElement\":[{\"@type\":\"ListItem\",\"position\":1,\"name\":\"Home\",\"item\":\"https:\\\/\\\/www.zapf-garagen.de\\\/fr\\\/\"},{\"@type\":\"ListItem\",\"position\":2,\"name\":\"Quand il neige dans la voiture\"}]},{\"@type\":\"WebSite\",\"@id\":\"https:\\\/\\\/www.zapf-garagen.de\\\/fr\\\/#website\",\"url\":\"https:\\\/\\\/www.zapf-garagen.de\\\/fr\\\/\",\"name\":\"ZAPF Garagen\",\"description\":\"\",\"publisher\":{\"@id\":\"https:\\\/\\\/www.zapf-garagen.de\\\/fr\\\/#organization\"},\"potentialAction\":[{\"@type\":\"SearchAction\",\"target\":{\"@type\":\"EntryPoint\",\"urlTemplate\":\"https:\\\/\\\/www.zapf-garagen.de\\\/fr\\\/?s={search_term_string}\"},\"query-input\":{\"@type\":\"PropertyValueSpecification\",\"valueRequired\":true,\"valueName\":\"search_term_string\"}}],\"inLanguage\":\"fr-FR\"},{\"@type\":\"Organization\",\"@id\":\"https:\\\/\\\/www.zapf-garagen.de\\\/fr\\\/#organization\",\"name\":\"ZAPF Garagen\",\"url\":\"https:\\\/\\\/www.zapf-garagen.de\\\/fr\\\/\",\"logo\":{\"@type\":\"ImageObject\",\"inLanguage\":\"fr-FR\",\"@id\":\"https:\\\/\\\/www.zapf-garagen.de\\\/fr\\\/#\\\/schema\\\/logo\\\/image\\\/\",\"url\":\"https:\\\/\\\/www.zapf-garagen.de\\\/wp-content\\\/uploads\\\/2025\\\/03\\\/zapf-garagen-logo-rot-grau.svg\",\"contentUrl\":\"https:\\\/\\\/www.zapf-garagen.de\\\/wp-content\\\/uploads\\\/2025\\\/03\\\/zapf-garagen-logo-rot-grau.svg\",\"width\":502,\"height\":269,\"caption\":\"ZAPF Garagen\"},\"image\":{\"@id\":\"https:\\\/\\\/www.zapf-garagen.de\\\/fr\\\/#\\\/schema\\\/logo\\\/image\\\/\"},\"sameAs\":[\"https:\\\/\\\/www.facebook.com\\\/ZapfGaragenwelt\",\"https:\\\/\\\/www.instagram.com\\\/zapfgaragenwelt\\\/\",\"https:\\\/\\\/www.xing.com\\\/pages\\\/zapf-garagenwelt\",\"https:\\\/\\\/www.youtube.com\\\/user\\\/Garagenwelt\",\"https:\\\/\\\/www.linkedin.com\\\/company\\\/zapfgaragen\\\/\",\"https:\\\/\\\/www.tiktok.com\\\/@zapf.garagen\",\"https:\\\/\\\/www.pinterest.com\\\/zapfgaragenwelt\\\/\"],\"description\":\"ZAPF Garagen \u2013 Hersteller von Fertiggaragen aus Beton seit 1904. Hochwertige Garagen Made in Germany f\u00fcr Privat- und Gewerbekunden.\",\"email\":\"garagen@zapf-gmbh.de\",\"telephone\":\"0921 601-601\",\"legalName\":\"ZAPF GmbH\",\"foundingDate\":\"1904-01-01\",\"numberOfEmployees\":{\"@type\":\"QuantitativeValue\",\"minValue\":\"201\",\"maxValue\":\"500\"}},{\"@type\":\"Person\",\"@id\":\"https:\\\/\\\/www.zapf-garagen.de\\\/fr\\\/#\\\/schema\\\/person\\\/e8612935e211854eced4a90aa4783889\",\"name\":\"Kevin Kienle\"}]}<\/script>\n<!-- \/ Yoast SEO Premium plugin. -->","yoast_head_json":{"title":"Quand il neige dans la voiture - ZAPF Garagen","robots":{"index":"index","follow":"follow","max-snippet":"max-snippet:-1","max-image-preview":"max-image-preview:large","max-video-preview":"max-video-preview:-1"},"canonical":"https:\/\/www.zapf-garagen.de\/fr\/entdecken\/quand-il-neige-dans-la-voiture\/","og_locale":"fr_FR","og_type":"article","og_title":"Quand il neige dans la voiture","og_description":"[vc_row][vc_column][vc_column_text css=\u00a0\u00bb\u00a0\u00bb] Quand il neige dans la voiture [\/vc_column_text][vc_single_image image=\u00a0\u00bb3724&Prime; img_size=\u00a0\u00bbfull\u00a0\u00bb css=\u00a0\u00bb\u00a0\u00bb][vc_column_text css=\u00a0\u00bb\u00a0\u00bb] Astuces pour un pare-brise sans glace : de l&rsquo;insolite au pratique L&rsquo;hiver est arriv\u00e9 et avec lui son lot d&#8217;emb\u00fbches pour les automobilistes. Outre les routes glissantes, le pare-brise gel\u00e9 est particuli\u00e8rement probl\u00e9matique. Si vous ne retirez pas soigneusement la glace, vous [&hellip;]","og_url":"https:\/\/www.zapf-garagen.de\/fr\/entdecken\/quand-il-neige-dans-la-voiture\/","og_site_name":"ZAPF Garagen","article_publisher":"https:\/\/www.facebook.com\/ZapfGaragenwelt","article_published_time":"2020-12-14T08:07:36+00:00","article_modified_time":"2025-10-16T08:30:55+00:00","og_image":[{"width":768,"height":631,"url":"https:\/\/www.zapf-garagen.de\/wp-content\/uploads\/2025\/07\/zapf_newslisting_schnee.jpg","type":"image\/jpeg"}],"author":"Kevin Kienle","twitter_card":"summary_large_image","twitter_misc":{"\u00c9crit par":"Kevin Kienle","Dur\u00e9e de lecture estim\u00e9e":"4 minutes"},"schema":{"@context":"https:\/\/schema.org","@graph":[{"@type":"Article","@id":"https:\/\/www.zapf-garagen.de\/fr\/entdecken\/quand-il-neige-dans-la-voiture\/#article","isPartOf":{"@id":"https:\/\/www.zapf-garagen.de\/fr\/entdecken\/quand-il-neige-dans-la-voiture\/"},"author":{"name":"Kevin Kienle","@id":"https:\/\/www.zapf-garagen.de\/fr\/#\/schema\/person\/e8612935e211854eced4a90aa4783889"},"headline":"Quand il neige dans la voiture","datePublished":"2020-12-14T08:07:36+00:00","dateModified":"2025-10-16T08:30:55+00:00","mainEntityOfPage":{"@id":"https:\/\/www.zapf-garagen.de\/fr\/entdecken\/quand-il-neige-dans-la-voiture\/"},"wordCount":772,"publisher":{"@id":"https:\/\/www.zapf-garagen.de\/fr\/#organization"},"image":{"@id":"https:\/\/www.zapf-garagen.de\/fr\/entdecken\/quand-il-neige-dans-la-voiture\/#primaryimage"},"thumbnailUrl":"https:\/\/www.zapf-garagen.de\/wp-content\/uploads\/2025\/07\/zapf_newslisting_schnee.jpg","articleSection":["Actualit\u00e9s"],"inLanguage":"fr-FR"},{"@type":"WebPage","@id":"https:\/\/www.zapf-garagen.de\/fr\/entdecken\/quand-il-neige-dans-la-voiture\/","url":"https:\/\/www.zapf-garagen.de\/fr\/entdecken\/quand-il-neige-dans-la-voiture\/","name":"Quand il neige dans la voiture - ZAPF Garagen","isPartOf":{"@id":"https:\/\/www.zapf-garagen.de\/fr\/#website"},"primaryImageOfPage":{"@id":"https:\/\/www.zapf-garagen.de\/fr\/entdecken\/quand-il-neige-dans-la-voiture\/#primaryimage"},"image":{"@id":"https:\/\/www.zapf-garagen.de\/fr\/entdecken\/quand-il-neige-dans-la-voiture\/#primaryimage"},"thumbnailUrl":"https:\/\/www.zapf-garagen.de\/wp-content\/uploads\/2025\/07\/zapf_newslisting_schnee.jpg","datePublished":"2020-12-14T08:07:36+00:00","dateModified":"2025-10-16T08:30:55+00:00","breadcrumb":{"@id":"https:\/\/www.zapf-garagen.de\/fr\/entdecken\/quand-il-neige-dans-la-voiture\/#breadcrumb"},"inLanguage":"fr-FR","potentialAction":[{"@type":"ReadAction","target":["https:\/\/www.zapf-garagen.de\/fr\/entdecken\/quand-il-neige-dans-la-voiture\/"]}]},{"@type":"ImageObject","inLanguage":"fr-FR","@id":"https:\/\/www.zapf-garagen.de\/fr\/entdecken\/quand-il-neige-dans-la-voiture\/#primaryimage","url":"https:\/\/www.zapf-garagen.de\/wp-content\/uploads\/2025\/07\/zapf_newslisting_schnee.jpg","contentUrl":"https:\/\/www.zapf-garagen.de\/wp-content\/uploads\/2025\/07\/zapf_newslisting_schnee.jpg","width":768,"height":631,"caption":"Garage double moderne avec portes noires photographi\u00e9 de nuit sous une forte chute de neige."},{"@type":"BreadcrumbList","@id":"https:\/\/www.zapf-garagen.de\/fr\/entdecken\/quand-il-neige-dans-la-voiture\/#breadcrumb","itemListElement":[{"@type":"ListItem","position":1,"name":"Home","item":"https:\/\/www.zapf-garagen.de\/fr\/"},{"@type":"ListItem","position":2,"name":"Quand il neige dans la voiture"}]},{"@type":"WebSite","@id":"https:\/\/www.zapf-garagen.de\/fr\/#website","url":"https:\/\/www.zapf-garagen.de\/fr\/","name":"ZAPF Garagen","description":"","publisher":{"@id":"https:\/\/www.zapf-garagen.de\/fr\/#organization"},"potentialAction":[{"@type":"SearchAction","target":{"@type":"EntryPoint","urlTemplate":"https:\/\/www.zapf-garagen.de\/fr\/?s={search_term_string}"},"query-input":{"@type":"PropertyValueSpecification","valueRequired":true,"valueName":"search_term_string"}}],"inLanguage":"fr-FR"},{"@type":"Organization","@id":"https:\/\/www.zapf-garagen.de\/fr\/#organization","name":"ZAPF Garagen","url":"https:\/\/www.zapf-garagen.de\/fr\/","logo":{"@type":"ImageObject","inLanguage":"fr-FR","@id":"https:\/\/www.zapf-garagen.de\/fr\/#\/schema\/logo\/image\/","url":"https:\/\/www.zapf-garagen.de\/wp-content\/uploads\/2025\/03\/zapf-garagen-logo-rot-grau.svg","contentUrl":"https:\/\/www.zapf-garagen.de\/wp-content\/uploads\/2025\/03\/zapf-garagen-logo-rot-grau.svg","width":502,"height":269,"caption":"ZAPF Garagen"},"image":{"@id":"https:\/\/www.zapf-garagen.de\/fr\/#\/schema\/logo\/image\/"},"sameAs":["https:\/\/www.facebook.com\/ZapfGaragenwelt","https:\/\/www.instagram.com\/zapfgaragenwelt\/","https:\/\/www.xing.com\/pages\/zapf-garagenwelt","https:\/\/www.youtube.com\/user\/Garagenwelt","https:\/\/www.linkedin.com\/company\/zapfgaragen\/","https:\/\/www.tiktok.com\/@zapf.garagen","https:\/\/www.pinterest.com\/zapfgaragenwelt\/"],"description":"ZAPF Garagen \u2013 Hersteller von Fertiggaragen aus Beton seit 1904. Hochwertige Garagen Made in Germany f\u00fcr Privat- und Gewerbekunden.","email":"garagen@zapf-gmbh.de","telephone":"0921 601-601","legalName":"ZAPF GmbH","foundingDate":"1904-01-01","numberOfEmployees":{"@type":"QuantitativeValue","minValue":"201","maxValue":"500"}},{"@type":"Person","@id":"https:\/\/www.zapf-garagen.de\/fr\/#\/schema\/person\/e8612935e211854eced4a90aa4783889","name":"Kevin Kienle"}]}},"_links":{"self":[{"href":"https:\/\/www.zapf-garagen.de\/fr\/wp-json\/wp\/v2\/posts\/9148","targetHints":{"allow":["GET"]}}],"collection":[{"href":"https:\/\/www.zapf-garagen.de\/fr\/wp-json\/wp\/v2\/posts"}],"about":[{"href":"https:\/\/www.zapf-garagen.de\/fr\/wp-json\/wp\/v2\/types\/post"}],"author":[{"embeddable":true,"href":"https:\/\/www.zapf-garagen.de\/fr\/wp-json\/wp\/v2\/users\/12"}],"replies":[{"embeddable":true,"href":"https:\/\/www.zapf-garagen.de\/fr\/wp-json\/wp\/v2\/comments?post=9148"}],"version-history":[{"count":0,"href":"https:\/\/www.zapf-garagen.de\/fr\/wp-json\/wp\/v2\/posts\/9148\/revisions"}],"wp:featuredmedia":[{"embeddable":true,"href":"https:\/\/www.zapf-garagen.de\/fr\/wp-json\/wp\/v2\/media\/3727"}],"wp:attachment":[{"href":"https:\/\/www.zapf-garagen.de\/fr\/wp-json\/wp\/v2\/media?parent=9148"}],"wp:term":[{"taxonomy":"category","embeddable":true,"href":"https:\/\/www.zapf-garagen.de\/fr\/wp-json\/wp\/v2\/categories?post=9148"},{"taxonomy":"post_tag","embeddable":true,"href":"https:\/\/www.zapf-garagen.de\/fr\/wp-json\/wp\/v2\/tags?post=9148"}],"curies":[{"name":"wp","href":"https:\/\/api.w.org\/{rel}","templated":true}]}}