{"id":5551,"date":"2025-09-01T12:00:15","date_gmt":"2025-09-01T10:00:15","guid":{"rendered":"https:\/\/www.zapf-garagen.de\/?p=5551"},"modified":"2026-05-06T09:36:15","modified_gmt":"2026-05-06T07:36:15","slug":"garages-prefabriques-vs-tole-zapf-est-plus-durable","status":"publish","type":"post","link":"https:\/\/www.zapf-garagen.de\/fr\/entdecken\/garages-prefabriques-vs-tole-zapf-est-plus-durable\/","title":{"rendered":"Garages pr\u00e9fabriqu\u00e9s vs. garages en t\u00f4le : la solution ZAPF en b\u00e9ton est plus durable"},"content":{"rendered":"<div class=\"wpb-content-wrapper\" id=\"wpb-content-root\"><p>[vc_row][vc_column]<div class=\"spacer spacer--medium\"><\/div>\n[vc_column_text css=\u00a0\u00bb\u00a0\u00bb]<\/p>\n<h1><span class=\"notion-enable-hover\" data-token-index=\"0\">Garages pr\u00e9fabriqu\u00e9s vs. garages en t\u00f4le : la solution ZAPF en b\u00e9ton est plus durable<\/span><!-- notionvc: b47c7c04-fb85-45b3-b16d-03ab464ea954 --><\/h1>\n<p>[\/vc_column_text]<div class=\"spacer spacer--medium\"><\/div>\n[vc_single_image image=\u00a0\u00bb4278&Prime; img_size=\u00a0\u00bbfull\u00a0\u00bb css=\u00a0\u00bb\u00a0\u00bb]<div class=\"spacer spacer--medium\"><\/div>\n[vc_column_text css=\u00a0\u00bb\u00a0\u00bb]<\/p>\n<p>En p\u00e9riode de changement climatique et de prix \u00e9lev\u00e9s de l\u2019\u00e9nergie, beaucoup de personnes se posent des questions \u2014 surtout lorsqu\u2019elles envisagent de construire. L\u2019une des plus importantes est : faut-il choisir un garage en t\u00f4le ou un garage pr\u00e9fabriqu\u00e9 en b\u00e9ton ?<\/p>\n<p>Dans cet article de blog, nous vous montrons pourquoi le garage pr\u00e9fabriqu\u00e9 est le meilleur choix. Non seulement il est esth\u00e9tique, mais il est aussi \u00e9cologique, moderne et intelligemment con\u00e7u.<\/p>\n<p>Une garage peut parfois sembler \u00e9conomique, mais une version en t\u00f4le n\u2019est souvent qu\u2019une solution temporaire. Elle prot\u00e8ge mal la voiture de la chaleur, du froid ou de l\u2019humidit\u00e9. De plus, il rouille rapidement et s\u2019harmonise rarement avec l\u2019esth\u00e9tique de la maison.<\/p>\n<p>&nbsp;<\/p>\n<h2><span class=\"notion-enable-hover\" data-token-index=\"0\">En revanche, un garage pr\u00e9fabriqu\u00e9 ZAPF pr\u00e9sente de nombreux avantages :<\/span><!-- notionvc: 33e9ceb5-4f97-41c9-9f7a-4c9de7b2f1a0 --><\/h2>\n<p>\u2705 Il permet d&rsquo;\u00e9conomiser de l&rsquo;\u00e9nergie gr\u00e2ce \u00e0 une bonne isolation.<\/p>\n<p>\u2705 Il dure de nombreuses ann\u00e9es \u2013 sans grands efforts d\u2019entretien.<\/p>\n<p>\u2705 Il a un aspect haut de gamme et valorise la maison.<\/p>\n<p>\u2705 Il peut \u00eatre \u00e9quip\u00e9 de technologies modernes (par exemple, ventilation, \u00e9clairage, domotique).<\/p>\n<p>Aujourd\u2019hui plus que jamais, il est essentiel de construire son garage de mani\u00e8re durable et tourn\u00e9e vers l\u2019avenir. \u00c0 une \u00e9poque marqu\u00e9e par le changement climatique et la rar\u00e9faction des ressources, nous devons construire de fa\u00e7on responsable. Le garage pr\u00e9fabriqu\u00e9 en b\u00e9ton repr\u00e9sente une excellente solution : il permet d\u2019agrandir l\u2019espace de vie tout en pr\u00e9servant l\u2019environnement.<\/p>\n<p>Les garages pr\u00e9fabriqu\u00e9s ne sont pas seulement pratiques, ils sont \u00e9galement respectueux de l&rsquo;environnement. Ils sont g\u00e9n\u00e9ralement fabriqu\u00e9s \u00e0 partir de mat\u00e9riaux durables de haute qualit\u00e9, qui garantissent une longue dur\u00e9e de vie. De nombreux garages pr\u00e9fabriqu\u00e9s sont con\u00e7us pour \u00eatre \u00e9conomes en \u00e9nergie, ce qui permet de minimiser la consommation d&rsquo;\u00e9nergie.<\/p>\n<p>Un autre avantage des garages pr\u00e9fabriqu\u00e9s est leur pose rapide et simple. Ils sont beaucoup plus faciles et rapides \u00e0 construire que les garages traditionnels. Dans de nombreux cas, ils peuvent \u00eatre pos\u00e9s en quelques heures seulement. Cela r\u00e9duit en m\u00eame temps la dur\u00e9e du chantier, et les co\u00fbts et la consommation de ressources qui y sont li\u00e9s.<\/p>\n<p>Les garages pr\u00e9fabriqu\u00e9s offrent une grande flexibilit\u00e9 en mati\u00e8re de design et d\u2019utilisation. Ils peuvent \u00eatre adapt\u00e9s aux besoins des propri\u00e9taires. Qu\u2019il s\u2019agisse d\u2019un simple garage, d\u2019un espace de rangement suppl\u00e9mentaire ou d\u2019un atelier, les possibilit\u00e9s sont nombreuses. Cette polyvalence en fait un investissement pr\u00e9cieux pour votre maison.<\/p>\n<p>La construction d\u2019un garage pr\u00e9fabriqu\u00e9 est une excellente d\u00e9cision. C\u2019est un atout pour votre maison, mais aussi pour l\u2019environnement. En choisissant une construction durable, vous contribuez \u00e0 pr\u00e9server la qualit\u00e9 de vie des g\u00e9n\u00e9rations futures.<\/p>\n<p>Vous prot\u00e9gez \u00e9galement l&rsquo;environnement. Il est temps d&rsquo;agir de mani\u00e8re responsable et de poser les jalons d&rsquo;un avenir durable.<\/p>\n<p>&nbsp;<\/p>\n<p>[\/vc_column_text]<div class=\"spacer spacer--large\"><\/div>\n\n    <div class=\"text-image container container--text-image text-image--50-50 text-image--image-right text-image--tab-text-center\">\n        <img decoding=\"async\" width=\"1920\" height=\"1080\" src=\"https:\/\/www.zapf-garagen.de\/wp-content\/uploads\/2025\/10\/Block_Newsletter_FR_EV.jpg\" class=\"text-image__image\" alt=\"\" srcset=\"https:\/\/www.zapf-garagen.de\/wp-content\/uploads\/2025\/10\/Block_Newsletter_FR_EV.jpg 1920w, https:\/\/www.zapf-garagen.de\/wp-content\/uploads\/2025\/10\/Block_Newsletter_FR_EV-300x169.jpg 300w, https:\/\/www.zapf-garagen.de\/wp-content\/uploads\/2025\/10\/Block_Newsletter_FR_EV-1024x576.jpg 1024w, https:\/\/www.zapf-garagen.de\/wp-content\/uploads\/2025\/10\/Block_Newsletter_FR_EV-768x432.jpg 768w, https:\/\/www.zapf-garagen.de\/wp-content\/uploads\/2025\/10\/Block_Newsletter_FR_EV-1536x864.jpg 1536w\" sizes=\"(max-width: 1920px) 100vw, 1920px\" \/>        <div class=\"text-image__content\">\n            <div class=\"text_image__text\">\n                <p><strong>Ne manquez plus aucune information !<\/strong><\/p>\n<p>Vous ne voulez manquer aucune id\u00e9e cr\u00e9ative pour votre garage ? Qu&rsquo;il s&rsquo;agisse d&rsquo;utilisations intelligentes, de nouveaux produits ou d&rsquo;offres exclusives, notre newsletter ZAPF vous permet de toujours avoir une longueur d&rsquo;avance. Recevez r\u00e9guli\u00e8rement de nouvelles inspirations directement dans votre bo\u00eete mail et restez inform\u00e9 de la polyvalence d&rsquo;un garage ZAPF. Il suffit de vous abonner et de rejoindre notre communaut\u00e9, c&rsquo;est tr\u00e8s simple et bien s\u00fbr gratuit.<\/p>\n<p><a href=\"https:\/\/www.zapf-garagen.de\/fr\/decouvrir\/blog-de-garage\/#newsletter\">Abonnez-vous gratuitement d\u00e8s maintenant<\/a><\/p>\n            <\/div>\n                    <\/div>\n    <\/div>\n\n<div class=\"spacer spacer--medium\"><\/div>\n<div class=\"spacer spacer--medium\"><\/div>\n[vc_single_image image=\u00a0\u00bb4281&Prime; img_size=\u00a0\u00bbfull\u00a0\u00bb css=\u00a0\u00bb\u00a0\u00bb]<div class=\"spacer spacer--medium\"><\/div>\n[vc_column_text css=\u00a0\u00bb\u00a0\u00bb]<\/p>\n<p>I am text block. Click edit button to change this text. Lorem ipsum dolor sit amet, consectetur adipiscing elit. Ut elit tellus, luctus nec ullamcorper mattis, pulvinar dapibus leo.<\/p>\n<p>[\/vc_column_text]<div class=\"spacer spacer--medium\"><\/div>\n<div class=\"spacer spacer--medium\"><\/div>\n<div class=\"spacer spacer--large\"><\/div>\n[\/vc_column][\/vc_row][vc_row][vc_column]\n    <div class=\"teaser-configuration white-white\">\n      <div class=\"container\">\n        <div class=\"wysiwyg\">\n          <p class=\"preheader\">Notre solution intelligente<\/p>\n<h2>Le configurateur de garage ZAPF<\/h2>\n<p>Gr\u00e2ce \u00e0 notre configurateur de garage, cr\u00e9ez votre garage en quelques clics selon vos souhaits, de la taille \u00e0 l&rsquo;\u00e9quipement.<\/p>\n        <\/div>\n        <a  href=\"https:\/\/konfigurator.zapf-garagen.de\/\" title=\"Configurez\" target=\"_blank\" class=\"btn btn--black\">Configurez<\/a>      <\/div>\n    <\/div>\n\n  [\/vc_column][\/vc_row][vc_row][vc_column]<div class=\"spacer spacer--medium\"><\/div>\n[vc_column_text css=\u00a0\u00bb\u00a0\u00bb]<\/p>\n<div class=\"_tableContainer_80l1q_1\">\n<h2 class=\"_tableWrapper_80l1q_14 group flex w-fit flex-col-reverse\"><span class=\"notion-enable-hover\" data-token-index=\"0\">La durabilit\u00e9 en tant qu&rsquo;investissement<\/span><!-- notionvc: 1d7f4280-bfe2-43cd-8776-8b48c80a556d --><\/h2>\n<\/div>\n<div>\n<p>La protection du climat et la durabilit\u00e9 sont aujourd&rsquo;hui tr\u00e8s importantes. Avec un garage pr\u00e9fabriqu\u00e9 ZAPF, vous prenez une bonne d\u00e9cision pour l&rsquo;avenir.<\/p>\n<ul>\n<li>R\u00e9duction de la consommation d&rsquo;\u00e9nergie<\/li>\n<li>\u00c9conomies de CO\u2082 importantes<\/li>\n<li>Production respectueuse des ressources<\/li>\n<li>\u00c9limination durable (b\u00e9ton 100 % recyclable)<\/li>\n<li>Un garage pr\u00e9fabriqu\u00e9 ZAPF est plus qu&rsquo;un simple garage. C&rsquo;est aussi un investissement dans la valeur de votre propri\u00e9t\u00e9.<div class=\"spacer spacer--medium\"><\/div>\n<\/li>\n<\/ul>\n<\/div>\n<div><\/div>\n<h3><span class=\"notion-enable-hover\" data-token-index=\"0\">Pourquoi ZAPF ?<\/span><!-- notionvc: b1ed6cd4-5f49-4c66-a1a4-23cf8a0041f0 --><\/h3>\n<div>\n<p>ZAPF construit des garages pr\u00e9fabriqu\u00e9s depuis de nombreuses ann\u00e9es et conna\u00eet un grand succ\u00e8s dans ce domaine. Fabriqu\u00e9s en Allemagne, ils se distinguent par leur grande qualit\u00e9 et leur modernit\u00e9, sans cesse renouvel\u00e9e. Parmi les innovations : le Doorlight\u00ae ou encore un syst\u00e8me de ventilation intelligent.<\/p>\n<p><strong>Garage en t\u00f4le ou pr\u00e9fabriqu\u00e9 ?<\/strong><\/p>\n<p>Un garage en t\u00f4le est certes moins cher, mais ce n&rsquo;est pas une bonne solution \u00e0 long terme. Si vous pensez \u00e0 l&rsquo;avenir, vous veillez \u00e0 respecter l&rsquo;environnement. La durabilit\u00e9 de la livraison et de la pose joue \u00e9galement un r\u00f4le important. Il faut \u00e9galement tenir compte de la valeur ajout\u00e9e pour la maison, du confort et de l\u2019esth\u00e9tique.<\/p>\n<p>Le garage pr\u00e9fabriqu\u00e9 de ZAPF peut faire tout cela. C&rsquo;est une d\u00e9cision intelligente pour tous ceux qui veulent construire bien et en toute s\u00e9curit\u00e9 \u2013 aujourd&rsquo;hui et demain.<\/p>\n<p><!-- notionvc: df63779d-fa36-46dd-899d-e68872c142bb --><\/p>\n<\/div>\n<div>Pour tous ceux qui pr\u00e9f\u00e8rent regarder plut\u00f4t que lire : Notre \u00e9quipe de tournage a r\u00e9sum\u00e9 l&rsquo;ensemble du processus de fabrication en cinq minutes seulement &#8211; de mani\u00e8re compacte, passionnante et informative.<div class=\"spacer spacer--medium\"><\/div>\n<\/div>\n<div>\n<p><iframe loading=\"lazy\" title=\"DAS SIND WIR - ZAPF Garagen Imagefilm\" width=\"500\" height=\"281\" src=\"https:\/\/www.youtube.com\/embed\/WV1DFbrZXok?feature=oembed\" frameborder=\"0\" allow=\"accelerometer; autoplay; clipboard-write; encrypted-media; gyroscope; picture-in-picture; web-share\" referrerpolicy=\"strict-origin-when-cross-origin\" allowfullscreen><\/iframe><\/p>\n<\/div>\n<div><\/div>\n<div><\/div>\n<p>[\/vc_column_text]<div class=\"spacer spacer--large\"><\/div>\n[\/vc_column][\/vc_row][vc_row][vc_column]    <div class=\"image-onscroll-effekt\">\n                    <img decoding=\"async\" width=\"2560\" height=\"1440\" src=\"https:\/\/www.zapf-garagen.de\/wp-content\/uploads\/2025\/05\/zapf-garagen-einzelgarage-header.jpg\" class=\"image-onscroll-effekt__image\" alt=\"Garage individuel avec porte sectionnelle noire sur une surface pav\u00e9e entour\u00e9e de plantes.\" srcset=\"https:\/\/www.zapf-garagen.de\/wp-content\/uploads\/2025\/05\/zapf-garagen-einzelgarage-header.jpg 2560w, https:\/\/www.zapf-garagen.de\/wp-content\/uploads\/2025\/05\/zapf-garagen-einzelgarage-header-300x169.jpg 300w, https:\/\/www.zapf-garagen.de\/wp-content\/uploads\/2025\/05\/zapf-garagen-einzelgarage-header-1024x576.jpg 1024w, https:\/\/www.zapf-garagen.de\/wp-content\/uploads\/2025\/05\/zapf-garagen-einzelgarage-header-768x432.jpg 768w, https:\/\/www.zapf-garagen.de\/wp-content\/uploads\/2025\/05\/zapf-garagen-einzelgarage-header-1536x864.jpg 1536w, https:\/\/www.zapf-garagen.de\/wp-content\/uploads\/2025\/05\/zapf-garagen-einzelgarage-header-2048x1152.jpg 2048w\" sizes=\"(max-width: 2560px) 100vw, 2560px\" \/>                <div class=\"image-onscroll-effekt__overlay\"><\/div>\n        <div class=\"image-onscroll-effekt__content\">\n            <div class=\"container\">\n                <div class=\"wysiwyg copy-highlight\">\n                    <h3 style=\"text-align: center;\">Configurez maintenant votre garage en 3D et d\u00e9couvrez-le virtuellement en 3D sur votre propre terrain !<\/h3>\n<p style=\"text-align: center;\">Gr\u00e2ce \u00e0 notre <strong>configurateur de garage<\/strong>, vous pouvez d\u00e9finir la taille, l&rsquo;\u00e9quipement, les portes, les fen\u00eatres et les options en quelques \u00e9tapes simples et intuitives. Nous conviendrons ensuite avec vous d&rsquo;un <strong>rendez-vous de conseil sans engagement<\/strong> \u2013 sur la base duquel vous <strong>recevrez une offre<\/strong> individuelle, bien entendu \u00e0 un <strong>prix \u00e9quitable<\/strong> et sans obligation d&rsquo;achat. Lors du rendez-vous sans engagement, d\u00e9couvrez votre garage configur\u00e9 dans une impressionnante visualisation 3D.<\/p>\n<p style=\"text-align: center;\"><a class=\"btn btn--red\" href=\"https:\/\/konfigurator.zapf-garagen.de\/?utm_source=blog-organisch\">Configurer votre garage d\u00e8s maintenant<\/a><\/p>\n                <\/div>\n            <\/div>\n                            <div class=\"container container-lg\">\n                    <div class=\"image-onscroll-effekt__icons\">\n                                                                                                <\/div>\n                <\/div>\n                                        <div class=\"container container-lg\">\n                    <div class=\"image-onscroll-effekt__quotes swiper\">\n                        <div class=\"swiper-wrapper\">\n                                                                                                                <\/div>\n                        <div class=\"swiper-pagination\"><\/div>\n                    <\/div>\n                <\/div>\n                                <\/div>\n    <\/div>\n[\/vc_column][\/vc_row]<\/p>\n<\/div>","protected":false},"excerpt":{"rendered":"<p>Gr\u00e2ce \u00e0 notre configurateur de garage innovant en 3D, vous pouvez d\u00e9sormais concevoir votre garage selon vos souhaits \u2013 de mani\u00e8re simple et flexible sur PC, tablette ou smartphone.<\/p>\n","protected":false},"author":12,"featured_media":4286,"comment_status":"closed","ping_status":"open","sticky":false,"template":"","format":"standard","meta":{"_acf_changed":false,"content-type":"","footnotes":""},"categories":[19],"tags":[34],"class_list":["post-5551","post","type-post","status-publish","format-standard","has-post-thumbnail","hentry","category-blog-du-garage","tag-nouveau-garage-fr"],"acf":[],"yoast_head":"<!-- This site is optimized with the Yoast SEO Premium plugin v28.4 (Yoast SEO v28.4) - https:\/\/yoast.com\/product\/yoast-seo-premium-wordpress\/ -->\n<title>Garage pr\u00e9fabriqu\u00e9 b\u00e9ton vs. t\u00f4le \u2013 ZAPF<\/title>\n<meta name=\"description\" content=\"Garage pr\u00e9fabriqu\u00e9 en b\u00e9ton ou en t\u00f4le ? Comparez durabilit\u00e9, co\u00fbts et s\u00e9curit\u00e9. Le b\u00e9ton ZAPF Made in Germany s&#039;impose face aux garages m\u00e9talliques. D\u00e9couvrez pourquoi !\" \/>\n<meta name=\"robots\" content=\"index, follow, max-snippet:-1, max-image-preview:large, max-video-preview:-1\" \/>\n<link rel=\"canonical\" href=\"https:\/\/www.zapf-garagen.de\/fr\/entdecken\/garages-prefabriques-vs-tole-zapf-est-plus-durable\/\" \/>\n<meta property=\"og:locale\" content=\"fr_FR\" \/>\n<meta property=\"og:type\" content=\"article\" \/>\n<meta property=\"og:title\" content=\"Garages pr\u00e9fabriqu\u00e9s vs. garages en t\u00f4le : la solution ZAPF en b\u00e9ton est plus durable\" \/>\n<meta property=\"og:description\" content=\"Garage pr\u00e9fabriqu\u00e9 en b\u00e9ton ou en t\u00f4le ? Comparez durabilit\u00e9, co\u00fbts et s\u00e9curit\u00e9. Le b\u00e9ton ZAPF Made in Germany s&#039;impose face aux garages m\u00e9talliques. D\u00e9couvrez pourquoi !\" \/>\n<meta property=\"og:url\" content=\"https:\/\/www.zapf-garagen.de\/fr\/entdecken\/garages-prefabriques-vs-tole-zapf-est-plus-durable\/\" \/>\n<meta property=\"og:site_name\" content=\"ZAPF Garagen\" \/>\n<meta property=\"article:publisher\" content=\"https:\/\/www.facebook.com\/ZapfGaragenwelt\" \/>\n<meta property=\"article:published_time\" content=\"2025-09-01T10:00:15+00:00\" \/>\n<meta property=\"article:modified_time\" content=\"2026-05-06T07:36:15+00:00\" \/>\n<meta property=\"og:image\" content=\"https:\/\/www.zapf-garagen.de\/wp-content\/uploads\/2025\/07\/zapf_bloglisting_fertiggarage_vs_blechgarage_1-1.jpg\" \/>\n\t<meta property=\"og:image:width\" content=\"768\" \/>\n\t<meta property=\"og:image:height\" content=\"432\" \/>\n\t<meta property=\"og:image:type\" content=\"image\/jpeg\" \/>\n<meta name=\"author\" content=\"Kevin Kienle\" \/>\n<meta name=\"twitter:card\" content=\"summary_large_image\" \/>\n<meta name=\"twitter:label1\" content=\"\u00c9crit par\" \/>\n\t<meta name=\"twitter:data1\" content=\"Kevin Kienle\" \/>\n\t<meta name=\"twitter:label2\" content=\"Dur\u00e9e de lecture estim\u00e9e\" \/>\n\t<meta name=\"twitter:data2\" content=\"7 minutes\" \/>\n<script type=\"application\/ld+json\" class=\"yoast-schema-graph\">{\"@context\":\"https:\\\/\\\/schema.org\",\"@graph\":[{\"@type\":\"Article\",\"@id\":\"https:\\\/\\\/www.zapf-garagen.de\\\/fr\\\/entdecken\\\/garages-prefabriques-vs-tole-zapf-est-plus-durable\\\/#article\",\"isPartOf\":{\"@id\":\"https:\\\/\\\/www.zapf-garagen.de\\\/fr\\\/entdecken\\\/garages-prefabriques-vs-tole-zapf-est-plus-durable\\\/\"},\"author\":{\"name\":\"Kevin Kienle\",\"@id\":\"https:\\\/\\\/www.zapf-garagen.de\\\/fr\\\/#\\\/schema\\\/person\\\/e8612935e211854eced4a90aa4783889\"},\"headline\":\"Garages pr\u00e9fabriqu\u00e9s vs. garages en t\u00f4le : la solution ZAPF en b\u00e9ton est plus durable\",\"datePublished\":\"2025-09-01T10:00:15+00:00\",\"dateModified\":\"2026-05-06T07:36:15+00:00\",\"mainEntityOfPage\":{\"@id\":\"https:\\\/\\\/www.zapf-garagen.de\\\/fr\\\/entdecken\\\/garages-prefabriques-vs-tole-zapf-est-plus-durable\\\/\"},\"wordCount\":1240,\"publisher\":{\"@id\":\"https:\\\/\\\/www.zapf-garagen.de\\\/fr\\\/#organization\"},\"image\":{\"@id\":\"https:\\\/\\\/www.zapf-garagen.de\\\/fr\\\/entdecken\\\/garages-prefabriques-vs-tole-zapf-est-plus-durable\\\/#primaryimage\"},\"thumbnailUrl\":\"https:\\\/\\\/www.zapf-garagen.de\\\/wp-content\\\/uploads\\\/2025\\\/07\\\/zapf_bloglisting_fertiggarage_vs_blechgarage_1-1.jpg\",\"keywords\":[\"Nouveau garage\"],\"articleSection\":[\"Blog du garage\"],\"inLanguage\":\"fr-FR\"},{\"@type\":\"WebPage\",\"@id\":\"https:\\\/\\\/www.zapf-garagen.de\\\/fr\\\/entdecken\\\/garages-prefabriques-vs-tole-zapf-est-plus-durable\\\/\",\"url\":\"https:\\\/\\\/www.zapf-garagen.de\\\/fr\\\/entdecken\\\/garages-prefabriques-vs-tole-zapf-est-plus-durable\\\/\",\"name\":\"Garage pr\u00e9fabriqu\u00e9 b\u00e9ton vs. t\u00f4le \u2013 ZAPF\",\"isPartOf\":{\"@id\":\"https:\\\/\\\/www.zapf-garagen.de\\\/fr\\\/#website\"},\"primaryImageOfPage\":{\"@id\":\"https:\\\/\\\/www.zapf-garagen.de\\\/fr\\\/entdecken\\\/garages-prefabriques-vs-tole-zapf-est-plus-durable\\\/#primaryimage\"},\"image\":{\"@id\":\"https:\\\/\\\/www.zapf-garagen.de\\\/fr\\\/entdecken\\\/garages-prefabriques-vs-tole-zapf-est-plus-durable\\\/#primaryimage\"},\"thumbnailUrl\":\"https:\\\/\\\/www.zapf-garagen.de\\\/wp-content\\\/uploads\\\/2025\\\/07\\\/zapf_bloglisting_fertiggarage_vs_blechgarage_1-1.jpg\",\"datePublished\":\"2025-09-01T10:00:15+00:00\",\"dateModified\":\"2026-05-06T07:36:15+00:00\",\"description\":\"Garage pr\u00e9fabriqu\u00e9 en b\u00e9ton ou en t\u00f4le ? Comparez durabilit\u00e9, co\u00fbts et s\u00e9curit\u00e9. Le b\u00e9ton ZAPF Made in Germany s'impose face aux garages m\u00e9talliques. D\u00e9couvrez pourquoi !\",\"breadcrumb\":{\"@id\":\"https:\\\/\\\/www.zapf-garagen.de\\\/fr\\\/entdecken\\\/garages-prefabriques-vs-tole-zapf-est-plus-durable\\\/#breadcrumb\"},\"inLanguage\":\"fr-FR\",\"potentialAction\":[{\"@type\":\"ReadAction\",\"target\":[\"https:\\\/\\\/www.zapf-garagen.de\\\/fr\\\/entdecken\\\/garages-prefabriques-vs-tole-zapf-est-plus-durable\\\/\"]}]},{\"@type\":\"ImageObject\",\"inLanguage\":\"fr-FR\",\"@id\":\"https:\\\/\\\/www.zapf-garagen.de\\\/fr\\\/entdecken\\\/garages-prefabriques-vs-tole-zapf-est-plus-durable\\\/#primaryimage\",\"url\":\"https:\\\/\\\/www.zapf-garagen.de\\\/wp-content\\\/uploads\\\/2025\\\/07\\\/zapf_bloglisting_fertiggarage_vs_blechgarage_1-1.jpg\",\"contentUrl\":\"https:\\\/\\\/www.zapf-garagen.de\\\/wp-content\\\/uploads\\\/2025\\\/07\\\/zapf_bloglisting_fertiggarage_vs_blechgarage_1-1.jpg\",\"width\":768,\"height\":432,\"caption\":\"Comparaison de deux garages : \u00e0 gauche, un garage pr\u00e9fabriqu\u00e9 moderne et lumineux en b\u00e9ton avec toit plat et jardin soign\u00e9 au premier plan ; \u00e0 droite, un vieux garage en t\u00f4le sombre et rouill\u00e9 sous un ciel gris. Au centre, un \u00e9clair graphique s\u00e9pare les deux images et symbolise le contraste marqu\u00e9.\"},{\"@type\":\"BreadcrumbList\",\"@id\":\"https:\\\/\\\/www.zapf-garagen.de\\\/fr\\\/entdecken\\\/garages-prefabriques-vs-tole-zapf-est-plus-durable\\\/#breadcrumb\",\"itemListElement\":[{\"@type\":\"ListItem\",\"position\":1,\"name\":\"Home\",\"item\":\"https:\\\/\\\/www.zapf-garagen.de\\\/fr\\\/\"},{\"@type\":\"ListItem\",\"position\":2,\"name\":\"Garages pr\u00e9fabriqu\u00e9s vs. garages en t\u00f4le : la solution ZAPF en b\u00e9ton est plus durable\"}]},{\"@type\":\"WebSite\",\"@id\":\"https:\\\/\\\/www.zapf-garagen.de\\\/fr\\\/#website\",\"url\":\"https:\\\/\\\/www.zapf-garagen.de\\\/fr\\\/\",\"name\":\"ZAPF Garagen\",\"description\":\"\",\"publisher\":{\"@id\":\"https:\\\/\\\/www.zapf-garagen.de\\\/fr\\\/#organization\"},\"potentialAction\":[{\"@type\":\"SearchAction\",\"target\":{\"@type\":\"EntryPoint\",\"urlTemplate\":\"https:\\\/\\\/www.zapf-garagen.de\\\/fr\\\/?s={search_term_string}\"},\"query-input\":{\"@type\":\"PropertyValueSpecification\",\"valueRequired\":true,\"valueName\":\"search_term_string\"}}],\"inLanguage\":\"fr-FR\"},{\"@type\":\"Organization\",\"@id\":\"https:\\\/\\\/www.zapf-garagen.de\\\/fr\\\/#organization\",\"name\":\"ZAPF Garagen\",\"url\":\"https:\\\/\\\/www.zapf-garagen.de\\\/fr\\\/\",\"logo\":{\"@type\":\"ImageObject\",\"inLanguage\":\"fr-FR\",\"@id\":\"https:\\\/\\\/www.zapf-garagen.de\\\/fr\\\/#\\\/schema\\\/logo\\\/image\\\/\",\"url\":\"https:\\\/\\\/www.zapf-garagen.de\\\/wp-content\\\/uploads\\\/2025\\\/03\\\/zapf-garagen-logo-rot-grau.svg\",\"contentUrl\":\"https:\\\/\\\/www.zapf-garagen.de\\\/wp-content\\\/uploads\\\/2025\\\/03\\\/zapf-garagen-logo-rot-grau.svg\",\"width\":502,\"height\":269,\"caption\":\"ZAPF Garagen\"},\"image\":{\"@id\":\"https:\\\/\\\/www.zapf-garagen.de\\\/fr\\\/#\\\/schema\\\/logo\\\/image\\\/\"},\"sameAs\":[\"https:\\\/\\\/www.facebook.com\\\/ZapfGaragenwelt\",\"https:\\\/\\\/www.instagram.com\\\/zapfgaragenwelt\\\/\",\"https:\\\/\\\/www.xing.com\\\/pages\\\/zapf-garagenwelt\",\"https:\\\/\\\/www.youtube.com\\\/user\\\/Garagenwelt\",\"https:\\\/\\\/www.linkedin.com\\\/company\\\/zapfgaragen\\\/\",\"https:\\\/\\\/www.tiktok.com\\\/@zapf.garagen\",\"https:\\\/\\\/www.pinterest.com\\\/zapfgaragenwelt\\\/\"],\"description\":\"ZAPF Garagen \u2013 Hersteller von Fertiggaragen aus Beton seit 1904. Hochwertige Garagen Made in Germany f\u00fcr Privat- und Gewerbekunden.\",\"email\":\"garagen@zapf-gmbh.de\",\"telephone\":\"0921 601-601\",\"legalName\":\"ZAPF GmbH\",\"foundingDate\":\"1904-01-01\",\"numberOfEmployees\":{\"@type\":\"QuantitativeValue\",\"minValue\":\"201\",\"maxValue\":\"500\"}},{\"@type\":\"Person\",\"@id\":\"https:\\\/\\\/www.zapf-garagen.de\\\/fr\\\/#\\\/schema\\\/person\\\/e8612935e211854eced4a90aa4783889\",\"name\":\"Kevin Kienle\"}]}<\/script>\n<!-- \/ Yoast SEO Premium plugin. -->","yoast_head_json":{"title":"Garage pr\u00e9fabriqu\u00e9 b\u00e9ton vs. t\u00f4le \u2013 ZAPF","description":"Garage pr\u00e9fabriqu\u00e9 en b\u00e9ton ou en t\u00f4le ? Comparez durabilit\u00e9, co\u00fbts et s\u00e9curit\u00e9. Le b\u00e9ton ZAPF Made in Germany s'impose face aux garages m\u00e9talliques. D\u00e9couvrez pourquoi !","robots":{"index":"index","follow":"follow","max-snippet":"max-snippet:-1","max-image-preview":"max-image-preview:large","max-video-preview":"max-video-preview:-1"},"canonical":"https:\/\/www.zapf-garagen.de\/fr\/entdecken\/garages-prefabriques-vs-tole-zapf-est-plus-durable\/","og_locale":"fr_FR","og_type":"article","og_title":"Garages pr\u00e9fabriqu\u00e9s vs. garages en t\u00f4le : la solution ZAPF en b\u00e9ton est plus durable","og_description":"Garage pr\u00e9fabriqu\u00e9 en b\u00e9ton ou en t\u00f4le ? Comparez durabilit\u00e9, co\u00fbts et s\u00e9curit\u00e9. Le b\u00e9ton ZAPF Made in Germany s'impose face aux garages m\u00e9talliques. D\u00e9couvrez pourquoi !","og_url":"https:\/\/www.zapf-garagen.de\/fr\/entdecken\/garages-prefabriques-vs-tole-zapf-est-plus-durable\/","og_site_name":"ZAPF Garagen","article_publisher":"https:\/\/www.facebook.com\/ZapfGaragenwelt","article_published_time":"2025-09-01T10:00:15+00:00","article_modified_time":"2026-05-06T07:36:15+00:00","og_image":[{"width":768,"height":432,"url":"https:\/\/www.zapf-garagen.de\/wp-content\/uploads\/2025\/07\/zapf_bloglisting_fertiggarage_vs_blechgarage_1-1.jpg","type":"image\/jpeg"}],"author":"Kevin Kienle","twitter_card":"summary_large_image","twitter_misc":{"\u00c9crit par":"Kevin Kienle","Dur\u00e9e de lecture estim\u00e9e":"7 minutes"},"schema":{"@context":"https:\/\/schema.org","@graph":[{"@type":"Article","@id":"https:\/\/www.zapf-garagen.de\/fr\/entdecken\/garages-prefabriques-vs-tole-zapf-est-plus-durable\/#article","isPartOf":{"@id":"https:\/\/www.zapf-garagen.de\/fr\/entdecken\/garages-prefabriques-vs-tole-zapf-est-plus-durable\/"},"author":{"name":"Kevin Kienle","@id":"https:\/\/www.zapf-garagen.de\/fr\/#\/schema\/person\/e8612935e211854eced4a90aa4783889"},"headline":"Garages pr\u00e9fabriqu\u00e9s vs. garages en t\u00f4le : la solution ZAPF en b\u00e9ton est plus durable","datePublished":"2025-09-01T10:00:15+00:00","dateModified":"2026-05-06T07:36:15+00:00","mainEntityOfPage":{"@id":"https:\/\/www.zapf-garagen.de\/fr\/entdecken\/garages-prefabriques-vs-tole-zapf-est-plus-durable\/"},"wordCount":1240,"publisher":{"@id":"https:\/\/www.zapf-garagen.de\/fr\/#organization"},"image":{"@id":"https:\/\/www.zapf-garagen.de\/fr\/entdecken\/garages-prefabriques-vs-tole-zapf-est-plus-durable\/#primaryimage"},"thumbnailUrl":"https:\/\/www.zapf-garagen.de\/wp-content\/uploads\/2025\/07\/zapf_bloglisting_fertiggarage_vs_blechgarage_1-1.jpg","keywords":["Nouveau garage"],"articleSection":["Blog du garage"],"inLanguage":"fr-FR"},{"@type":"WebPage","@id":"https:\/\/www.zapf-garagen.de\/fr\/entdecken\/garages-prefabriques-vs-tole-zapf-est-plus-durable\/","url":"https:\/\/www.zapf-garagen.de\/fr\/entdecken\/garages-prefabriques-vs-tole-zapf-est-plus-durable\/","name":"Garage pr\u00e9fabriqu\u00e9 b\u00e9ton vs. t\u00f4le \u2013 ZAPF","isPartOf":{"@id":"https:\/\/www.zapf-garagen.de\/fr\/#website"},"primaryImageOfPage":{"@id":"https:\/\/www.zapf-garagen.de\/fr\/entdecken\/garages-prefabriques-vs-tole-zapf-est-plus-durable\/#primaryimage"},"image":{"@id":"https:\/\/www.zapf-garagen.de\/fr\/entdecken\/garages-prefabriques-vs-tole-zapf-est-plus-durable\/#primaryimage"},"thumbnailUrl":"https:\/\/www.zapf-garagen.de\/wp-content\/uploads\/2025\/07\/zapf_bloglisting_fertiggarage_vs_blechgarage_1-1.jpg","datePublished":"2025-09-01T10:00:15+00:00","dateModified":"2026-05-06T07:36:15+00:00","description":"Garage pr\u00e9fabriqu\u00e9 en b\u00e9ton ou en t\u00f4le ? Comparez durabilit\u00e9, co\u00fbts et s\u00e9curit\u00e9. Le b\u00e9ton ZAPF Made in Germany s'impose face aux garages m\u00e9talliques. D\u00e9couvrez pourquoi !","breadcrumb":{"@id":"https:\/\/www.zapf-garagen.de\/fr\/entdecken\/garages-prefabriques-vs-tole-zapf-est-plus-durable\/#breadcrumb"},"inLanguage":"fr-FR","potentialAction":[{"@type":"ReadAction","target":["https:\/\/www.zapf-garagen.de\/fr\/entdecken\/garages-prefabriques-vs-tole-zapf-est-plus-durable\/"]}]},{"@type":"ImageObject","inLanguage":"fr-FR","@id":"https:\/\/www.zapf-garagen.de\/fr\/entdecken\/garages-prefabriques-vs-tole-zapf-est-plus-durable\/#primaryimage","url":"https:\/\/www.zapf-garagen.de\/wp-content\/uploads\/2025\/07\/zapf_bloglisting_fertiggarage_vs_blechgarage_1-1.jpg","contentUrl":"https:\/\/www.zapf-garagen.de\/wp-content\/uploads\/2025\/07\/zapf_bloglisting_fertiggarage_vs_blechgarage_1-1.jpg","width":768,"height":432,"caption":"Comparaison de deux garages : \u00e0 gauche, un garage pr\u00e9fabriqu\u00e9 moderne et lumineux en b\u00e9ton avec toit plat et jardin soign\u00e9 au premier plan ; \u00e0 droite, un vieux garage en t\u00f4le sombre et rouill\u00e9 sous un ciel gris. Au centre, un \u00e9clair graphique s\u00e9pare les deux images et symbolise le contraste marqu\u00e9."},{"@type":"BreadcrumbList","@id":"https:\/\/www.zapf-garagen.de\/fr\/entdecken\/garages-prefabriques-vs-tole-zapf-est-plus-durable\/#breadcrumb","itemListElement":[{"@type":"ListItem","position":1,"name":"Home","item":"https:\/\/www.zapf-garagen.de\/fr\/"},{"@type":"ListItem","position":2,"name":"Garages pr\u00e9fabriqu\u00e9s vs. garages en t\u00f4le : la solution ZAPF en b\u00e9ton est plus durable"}]},{"@type":"WebSite","@id":"https:\/\/www.zapf-garagen.de\/fr\/#website","url":"https:\/\/www.zapf-garagen.de\/fr\/","name":"ZAPF Garagen","description":"","publisher":{"@id":"https:\/\/www.zapf-garagen.de\/fr\/#organization"},"potentialAction":[{"@type":"SearchAction","target":{"@type":"EntryPoint","urlTemplate":"https:\/\/www.zapf-garagen.de\/fr\/?s={search_term_string}"},"query-input":{"@type":"PropertyValueSpecification","valueRequired":true,"valueName":"search_term_string"}}],"inLanguage":"fr-FR"},{"@type":"Organization","@id":"https:\/\/www.zapf-garagen.de\/fr\/#organization","name":"ZAPF Garagen","url":"https:\/\/www.zapf-garagen.de\/fr\/","logo":{"@type":"ImageObject","inLanguage":"fr-FR","@id":"https:\/\/www.zapf-garagen.de\/fr\/#\/schema\/logo\/image\/","url":"https:\/\/www.zapf-garagen.de\/wp-content\/uploads\/2025\/03\/zapf-garagen-logo-rot-grau.svg","contentUrl":"https:\/\/www.zapf-garagen.de\/wp-content\/uploads\/2025\/03\/zapf-garagen-logo-rot-grau.svg","width":502,"height":269,"caption":"ZAPF Garagen"},"image":{"@id":"https:\/\/www.zapf-garagen.de\/fr\/#\/schema\/logo\/image\/"},"sameAs":["https:\/\/www.facebook.com\/ZapfGaragenwelt","https:\/\/www.instagram.com\/zapfgaragenwelt\/","https:\/\/www.xing.com\/pages\/zapf-garagenwelt","https:\/\/www.youtube.com\/user\/Garagenwelt","https:\/\/www.linkedin.com\/company\/zapfgaragen\/","https:\/\/www.tiktok.com\/@zapf.garagen","https:\/\/www.pinterest.com\/zapfgaragenwelt\/"],"description":"ZAPF Garagen \u2013 Hersteller von Fertiggaragen aus Beton seit 1904. Hochwertige Garagen Made in Germany f\u00fcr Privat- und Gewerbekunden.","email":"garagen@zapf-gmbh.de","telephone":"0921 601-601","legalName":"ZAPF GmbH","foundingDate":"1904-01-01","numberOfEmployees":{"@type":"QuantitativeValue","minValue":"201","maxValue":"500"}},{"@type":"Person","@id":"https:\/\/www.zapf-garagen.de\/fr\/#\/schema\/person\/e8612935e211854eced4a90aa4783889","name":"Kevin Kienle"}]}},"_links":{"self":[{"href":"https:\/\/www.zapf-garagen.de\/fr\/wp-json\/wp\/v2\/posts\/5551","targetHints":{"allow":["GET"]}}],"collection":[{"href":"https:\/\/www.zapf-garagen.de\/fr\/wp-json\/wp\/v2\/posts"}],"about":[{"href":"https:\/\/www.zapf-garagen.de\/fr\/wp-json\/wp\/v2\/types\/post"}],"author":[{"embeddable":true,"href":"https:\/\/www.zapf-garagen.de\/fr\/wp-json\/wp\/v2\/users\/12"}],"replies":[{"embeddable":true,"href":"https:\/\/www.zapf-garagen.de\/fr\/wp-json\/wp\/v2\/comments?post=5551"}],"version-history":[{"count":1,"href":"https:\/\/www.zapf-garagen.de\/fr\/wp-json\/wp\/v2\/posts\/5551\/revisions"}],"predecessor-version":[{"id":14371,"href":"https:\/\/www.zapf-garagen.de\/fr\/wp-json\/wp\/v2\/posts\/5551\/revisions\/14371"}],"wp:featuredmedia":[{"embeddable":true,"href":"https:\/\/www.zapf-garagen.de\/fr\/wp-json\/wp\/v2\/media\/4286"}],"wp:attachment":[{"href":"https:\/\/www.zapf-garagen.de\/fr\/wp-json\/wp\/v2\/media?parent=5551"}],"wp:term":[{"taxonomy":"category","embeddable":true,"href":"https:\/\/www.zapf-garagen.de\/fr\/wp-json\/wp\/v2\/categories?post=5551"},{"taxonomy":"post_tag","embeddable":true,"href":"https:\/\/www.zapf-garagen.de\/fr\/wp-json\/wp\/v2\/tags?post=5551"}],"curies":[{"name":"wp","href":"https:\/\/api.w.org\/{rel}","templated":true}]}}